{"id":1547,"date":"2018-12-18T15:28:00","date_gmt":"2018-12-18T15:28:00","guid":{"rendered":"https:\/\/decoral.com\/?p=1547"},"modified":"2024-09-03T07:23:23","modified_gmt":"2024-09-03T07:23:23","slug":"milano-e-la-citta-piu-vivibile-del-2018","status":"publish","type":"post","link":"https:\/\/decoral.com\/en\/milano-e-la-citta-piu-vivibile-del-2018\/","title":{"rendered":"Milano \u00e8 la citt\u00e0 pi\u00f9 vivibile del 2018."},"content":{"rendered":"<p><\/p>\n\n\n\n<p><\/p>\n\n    <div class=\"xs_social_share_widget xs_share_url after_content \t\tmain_content  wslu-style-1 wslu-share-box-shaped wslu-fill-colored wslu-none wslu-share-horizontal wslu-theme-font-no wslu-main_content\">\n\n\t\t\n        <ul>\n\t\t\t        <\/ul>\n    <\/div>","protected":false},"excerpt":{"rendered":"","protected":false},"author":3,"featured_media":1590,"comment_status":"closed","ping_status":"closed","sticky":false,"template":"","format":"standard","meta":{"_acf_changed":false,"inline_featured_image":false,"postBodyCss":"","postBodyMargin":[],"postBodyPadding":[],"postBodyBackground":{"backgroundType":"classic","gradient":""},"footnotes":""},"categories":[25,23],"tags":[],"class_list":["post-1547","post","type-post","status-publish","format-standard","has-post-thumbnail","hentry","category-effetto-legno","category-tendenze"],"acf":[],"yoast_head":"<!-- This site is optimized with the Yoast SEO plugin v26.9 - https:\/\/yoast.com\/product\/yoast-seo-wordpress\/ -->\n<title>Milano \u00e8 la citt\u00e0 pi\u00f9 vivibile del 2018. - Decoral Group<\/title>\n<meta name=\"robots\" content=\"index, follow, max-snippet:-1, max-image-preview:large, max-video-preview:-1\" \/>\n<link rel=\"canonical\" href=\"https:\/\/decoral.com\/en\/milano-e-la-citta-piu-vivibile-del-2018\/\" \/>\n<meta property=\"og:locale\" content=\"en_US\" \/>\n<meta property=\"og:type\" content=\"article\" \/>\n<meta property=\"og:title\" content=\"Milano \u00e8 la citt\u00e0 pi\u00f9 vivibile del 2018. - Decoral Group\" \/>\n<meta property=\"og:url\" content=\"https:\/\/decoral.com\/en\/milano-e-la-citta-piu-vivibile-del-2018\/\" \/>\n<meta property=\"og:site_name\" content=\"Decoral Group\" \/>\n<meta property=\"article:published_time\" content=\"2018-12-18T15:28:00+00:00\" \/>\n<meta property=\"article:modified_time\" content=\"2024-09-03T07:23:23+00:00\" \/>\n<meta property=\"og:image\" content=\"https:\/\/decoral.com\/wp-content\/uploads\/milano-citta-vivibile-decoral-finiture-alluminio-1024x682.jpg\" \/>\n\t<meta property=\"og:image:width\" content=\"1024\" \/>\n\t<meta property=\"og:image:height\" content=\"682\" \/>\n\t<meta property=\"og:image:type\" content=\"image\/jpeg\" \/>\n<meta name=\"author\" content=\"marketing\" \/>\n<meta name=\"twitter:card\" content=\"summary_large_image\" \/>\n<meta name=\"twitter:label1\" content=\"Written by\" \/>\n\t<meta name=\"twitter:data1\" content=\"marketing\" \/>\n<script type=\"application\/ld+json\" class=\"yoast-schema-graph\">{\"@context\":\"https:\/\/schema.org\",\"@graph\":[{\"@type\":\"Article\",\"@id\":\"https:\/\/decoral.com\/en\/milano-e-la-citta-piu-vivibile-del-2018\/#article\",\"isPartOf\":{\"@id\":\"https:\/\/decoral.com\/en\/milano-e-la-citta-piu-vivibile-del-2018\/\"},\"author\":{\"name\":\"marketing\",\"@id\":\"https:\/\/decoral.com\/#\/schema\/person\/cfae909985742de55e01f5c9985d25ab\"},\"headline\":\"Milano \u00e8 la citt\u00e0 pi\u00f9 vivibile del 2018.\",\"datePublished\":\"2018-12-18T15:28:00+00:00\",\"dateModified\":\"2024-09-03T07:23:23+00:00\",\"mainEntityOfPage\":{\"@id\":\"https:\/\/decoral.com\/en\/milano-e-la-citta-piu-vivibile-del-2018\/\"},\"wordCount\":6,\"publisher\":{\"@id\":\"https:\/\/decoral.com\/#organization\"},\"image\":{\"@id\":\"https:\/\/decoral.com\/en\/milano-e-la-citta-piu-vivibile-del-2018\/#primaryimage\"},\"thumbnailUrl\":\"https:\/\/decoral.com\/wp-content\/uploads\/milano-citta-vivibile-decoral-finiture-alluminio.jpg\",\"articleSection\":[\"Effetto legno\",\"Tendenze\"],\"inLanguage\":\"en-US\"},{\"@type\":\"WebPage\",\"@id\":\"https:\/\/decoral.com\/en\/milano-e-la-citta-piu-vivibile-del-2018\/\",\"url\":\"https:\/\/decoral.com\/en\/milano-e-la-citta-piu-vivibile-del-2018\/\",\"name\":\"Milano \u00e8 la citt\u00e0 pi\u00f9 vivibile del 2018. - Decoral Group\",\"isPartOf\":{\"@id\":\"https:\/\/decoral.com\/#website\"},\"primaryImageOfPage\":{\"@id\":\"https:\/\/decoral.com\/en\/milano-e-la-citta-piu-vivibile-del-2018\/#primaryimage\"},\"image\":{\"@id\":\"https:\/\/decoral.com\/en\/milano-e-la-citta-piu-vivibile-del-2018\/#primaryimage\"},\"thumbnailUrl\":\"https:\/\/decoral.com\/wp-content\/uploads\/milano-citta-vivibile-decoral-finiture-alluminio.jpg\",\"datePublished\":\"2018-12-18T15:28:00+00:00\",\"dateModified\":\"2024-09-03T07:23:23+00:00\",\"breadcrumb\":{\"@id\":\"https:\/\/decoral.com\/en\/milano-e-la-citta-piu-vivibile-del-2018\/#breadcrumb\"},\"inLanguage\":\"en-US\",\"potentialAction\":[{\"@type\":\"ReadAction\",\"target\":[\"https:\/\/decoral.com\/en\/milano-e-la-citta-piu-vivibile-del-2018\/\"]}]},{\"@type\":\"ImageObject\",\"inLanguage\":\"en-US\",\"@id\":\"https:\/\/decoral.com\/en\/milano-e-la-citta-piu-vivibile-del-2018\/#primaryimage\",\"url\":\"https:\/\/decoral.com\/wp-content\/uploads\/milano-citta-vivibile-decoral-finiture-alluminio.jpg\",\"contentUrl\":\"https:\/\/decoral.com\/wp-content\/uploads\/milano-citta-vivibile-decoral-finiture-alluminio.jpg\",\"width\":2000,\"height\":1333,\"caption\":\"milano-citta-vivibile-decoral-finiture-alluminio\"},{\"@type\":\"BreadcrumbList\",\"@id\":\"https:\/\/decoral.com\/en\/milano-e-la-citta-piu-vivibile-del-2018\/#breadcrumb\",\"itemListElement\":[{\"@type\":\"ListItem\",\"position\":1,\"name\":\"Home\",\"item\":\"https:\/\/decoral.com\/\"},{\"@type\":\"ListItem\",\"position\":2,\"name\":\"Milano \u00e8 la citt\u00e0 pi\u00f9 vivibile del 2018.\"}]},{\"@type\":\"WebSite\",\"@id\":\"https:\/\/decoral.com\/#website\",\"url\":\"https:\/\/decoral.com\/\",\"name\":\"Decoral Group\",\"description\":\"\",\"publisher\":{\"@id\":\"https:\/\/decoral.com\/#organization\"},\"potentialAction\":[{\"@type\":\"SearchAction\",\"target\":{\"@type\":\"EntryPoint\",\"urlTemplate\":\"https:\/\/decoral.com\/?s={search_term_string}\"},\"query-input\":{\"@type\":\"PropertyValueSpecification\",\"valueRequired\":true,\"valueName\":\"search_term_string\"}}],\"inLanguage\":\"en-US\"},{\"@type\":\"Organization\",\"@id\":\"https:\/\/decoral.com\/#organization\",\"name\":\"Decoral Group\",\"url\":\"https:\/\/decoral.com\/\",\"logo\":{\"@type\":\"ImageObject\",\"inLanguage\":\"en-US\",\"@id\":\"https:\/\/decoral.com\/#\/schema\/logo\/image\/\",\"url\":\"https:\/\/decoral.com\/wp-content\/uploads\/Logo_Decoral_Group.svg\",\"contentUrl\":\"https:\/\/decoral.com\/wp-content\/uploads\/Logo_Decoral_Group.svg\",\"width\":230,\"height\":43,\"caption\":\"Decoral Group\"},\"image\":{\"@id\":\"https:\/\/decoral.com\/#\/schema\/logo\/image\/\"}},{\"@type\":\"Person\",\"@id\":\"https:\/\/decoral.com\/#\/schema\/person\/cfae909985742de55e01f5c9985d25ab\",\"name\":\"marketing\",\"url\":\"https:\/\/decoral.com\/en\/author\/marketing\/\"}]}<\/script>\n<!-- \/ Yoast SEO plugin. -->","yoast_head_json":{"title":"Milano \u00e8 la citt\u00e0 pi\u00f9 vivibile del 2018. - Decoral Group","robots":{"index":"index","follow":"follow","max-snippet":"max-snippet:-1","max-image-preview":"max-image-preview:large","max-video-preview":"max-video-preview:-1"},"canonical":"https:\/\/decoral.com\/en\/milano-e-la-citta-piu-vivibile-del-2018\/","og_locale":"en_US","og_type":"article","og_title":"Milano \u00e8 la citt\u00e0 pi\u00f9 vivibile del 2018. - Decoral Group","og_url":"https:\/\/decoral.com\/en\/milano-e-la-citta-piu-vivibile-del-2018\/","og_site_name":"Decoral Group","article_published_time":"2018-12-18T15:28:00+00:00","article_modified_time":"2024-09-03T07:23:23+00:00","og_image":[{"width":1024,"height":682,"url":"https:\/\/decoral.com\/wp-content\/uploads\/milano-citta-vivibile-decoral-finiture-alluminio-1024x682.jpg","type":"image\/jpeg"}],"author":"marketing","twitter_card":"summary_large_image","twitter_misc":{"Written by":"marketing"},"schema":{"@context":"https:\/\/schema.org","@graph":[{"@type":"Article","@id":"https:\/\/decoral.com\/en\/milano-e-la-citta-piu-vivibile-del-2018\/#article","isPartOf":{"@id":"https:\/\/decoral.com\/en\/milano-e-la-citta-piu-vivibile-del-2018\/"},"author":{"name":"marketing","@id":"https:\/\/decoral.com\/#\/schema\/person\/cfae909985742de55e01f5c9985d25ab"},"headline":"Milano \u00e8 la citt\u00e0 pi\u00f9 vivibile del 2018.","datePublished":"2018-12-18T15:28:00+00:00","dateModified":"2024-09-03T07:23:23+00:00","mainEntityOfPage":{"@id":"https:\/\/decoral.com\/en\/milano-e-la-citta-piu-vivibile-del-2018\/"},"wordCount":6,"publisher":{"@id":"https:\/\/decoral.com\/#organization"},"image":{"@id":"https:\/\/decoral.com\/en\/milano-e-la-citta-piu-vivibile-del-2018\/#primaryimage"},"thumbnailUrl":"https:\/\/decoral.com\/wp-content\/uploads\/milano-citta-vivibile-decoral-finiture-alluminio.jpg","articleSection":["Effetto legno","Tendenze"],"inLanguage":"en-US"},{"@type":"WebPage","@id":"https:\/\/decoral.com\/en\/milano-e-la-citta-piu-vivibile-del-2018\/","url":"https:\/\/decoral.com\/en\/milano-e-la-citta-piu-vivibile-del-2018\/","name":"Milano \u00e8 la citt\u00e0 pi\u00f9 vivibile del 2018. - Decoral Group","isPartOf":{"@id":"https:\/\/decoral.com\/#website"},"primaryImageOfPage":{"@id":"https:\/\/decoral.com\/en\/milano-e-la-citta-piu-vivibile-del-2018\/#primaryimage"},"image":{"@id":"https:\/\/decoral.com\/en\/milano-e-la-citta-piu-vivibile-del-2018\/#primaryimage"},"thumbnailUrl":"https:\/\/decoral.com\/wp-content\/uploads\/milano-citta-vivibile-decoral-finiture-alluminio.jpg","datePublished":"2018-12-18T15:28:00+00:00","dateModified":"2024-09-03T07:23:23+00:00","breadcrumb":{"@id":"https:\/\/decoral.com\/en\/milano-e-la-citta-piu-vivibile-del-2018\/#breadcrumb"},"inLanguage":"en-US","potentialAction":[{"@type":"ReadAction","target":["https:\/\/decoral.com\/en\/milano-e-la-citta-piu-vivibile-del-2018\/"]}]},{"@type":"ImageObject","inLanguage":"en-US","@id":"https:\/\/decoral.com\/en\/milano-e-la-citta-piu-vivibile-del-2018\/#primaryimage","url":"https:\/\/decoral.com\/wp-content\/uploads\/milano-citta-vivibile-decoral-finiture-alluminio.jpg","contentUrl":"https:\/\/decoral.com\/wp-content\/uploads\/milano-citta-vivibile-decoral-finiture-alluminio.jpg","width":2000,"height":1333,"caption":"milano-citta-vivibile-decoral-finiture-alluminio"},{"@type":"BreadcrumbList","@id":"https:\/\/decoral.com\/en\/milano-e-la-citta-piu-vivibile-del-2018\/#breadcrumb","itemListElement":[{"@type":"ListItem","position":1,"name":"Home","item":"https:\/\/decoral.com\/"},{"@type":"ListItem","position":2,"name":"Milano \u00e8 la citt\u00e0 pi\u00f9 vivibile del 2018."}]},{"@type":"WebSite","@id":"https:\/\/decoral.com\/#website","url":"https:\/\/decoral.com\/","name":"Decoral Group","description":"","publisher":{"@id":"https:\/\/decoral.com\/#organization"},"potentialAction":[{"@type":"SearchAction","target":{"@type":"EntryPoint","urlTemplate":"https:\/\/decoral.com\/?s={search_term_string}"},"query-input":{"@type":"PropertyValueSpecification","valueRequired":true,"valueName":"search_term_string"}}],"inLanguage":"en-US"},{"@type":"Organization","@id":"https:\/\/decoral.com\/#organization","name":"Decoral Group","url":"https:\/\/decoral.com\/","logo":{"@type":"ImageObject","inLanguage":"en-US","@id":"https:\/\/decoral.com\/#\/schema\/logo\/image\/","url":"https:\/\/decoral.com\/wp-content\/uploads\/Logo_Decoral_Group.svg","contentUrl":"https:\/\/decoral.com\/wp-content\/uploads\/Logo_Decoral_Group.svg","width":230,"height":43,"caption":"Decoral Group"},"image":{"@id":"https:\/\/decoral.com\/#\/schema\/logo\/image\/"}},{"@type":"Person","@id":"https:\/\/decoral.com\/#\/schema\/person\/cfae909985742de55e01f5c9985d25ab","name":"marketing","url":"https:\/\/decoral.com\/en\/author\/marketing\/"}]}},"_links":{"self":[{"href":"https:\/\/decoral.com\/en\/wp-json\/wp\/v2\/posts\/1547","targetHints":{"allow":["GET"]}}],"collection":[{"href":"https:\/\/decoral.com\/en\/wp-json\/wp\/v2\/posts"}],"about":[{"href":"https:\/\/decoral.com\/en\/wp-json\/wp\/v2\/types\/post"}],"author":[{"embeddable":true,"href":"https:\/\/decoral.com\/en\/wp-json\/wp\/v2\/users\/3"}],"replies":[{"embeddable":true,"href":"https:\/\/decoral.com\/en\/wp-json\/wp\/v2\/comments?post=1547"}],"version-history":[{"count":4,"href":"https:\/\/decoral.com\/en\/wp-json\/wp\/v2\/posts\/1547\/revisions"}],"predecessor-version":[{"id":1591,"href":"https:\/\/decoral.com\/en\/wp-json\/wp\/v2\/posts\/1547\/revisions\/1591"}],"wp:featuredmedia":[{"embeddable":true,"href":"https:\/\/decoral.com\/en\/wp-json\/wp\/v2\/media\/1590"}],"wp:attachment":[{"href":"https:\/\/decoral.com\/en\/wp-json\/wp\/v2\/media?parent=1547"}],"wp:term":[{"taxonomy":"category","embeddable":true,"href":"https:\/\/decoral.com\/en\/wp-json\/wp\/v2\/categories?post=1547"},{"taxonomy":"post_tag","embeddable":true,"href":"https:\/\/decoral.com\/en\/wp-json\/wp\/v2\/tags?post=1547"}],"curies":[{"name":"wp","href":"https:\/\/api.w.org\/{rel}","templated":true}]}}